{"id":1,"date":"2023-02-20T12:28:11","date_gmt":"2023-02-20T09:28:11","guid":{"rendered":"http:\/\/baransan.com.tr\/?p=1"},"modified":"2023-02-24T07:48:36","modified_gmt":"2023-02-24T04:48:36","slug":"hello-world","status":"publish","type":"post","link":"https:\/\/baransan.com.tr\/?p=1","title":{"rendered":"Ba\u015fkan Mesaj\u0131"},"content":{"rendered":"\n<p>Baransan&#8217;\u0131 anlamak baz\u0131 de\u011ferlerin b\u00fct\u00fcn\u00fcn\u00fc kavramaktan ge\u00e7er. 30 m2&#8217;lik &nbsp;k\u00fc\u00e7\u00fck bir yerden,&nbsp;14.000 m2 alan \u00fczerine kurulu, 5.000&#8217;e yak\u0131n kal\u0131p \u00e7e\u015fidiyle al\u00fcminyumun kullan\u0131ld\u0131\u011f\u0131 hemen hemen her sekt\u00f6re hitap eden entegre bir al\u00fcminyum profil firmas\u0131na d\u00f6n\u00fc\u015fen. Baransan, b\u00fcy\u00fck bir de\u011fi\u015fim ya\u015farken, belli &nbsp;de\u011ferlerimiz asla de\u011fi\u015fmemi\u015ftir. Baransan i\u00e7in de\u011fi\u015fmeyen bir di\u011fer \u00f6zellik de &#8220;al\u00fcminyum \u00fcreticisi&#8221; oldu\u011fu ger\u00e7e\u011fidir. Al\u00fcminyum d\u0131\u015f\u0131ndaki yap\u0131lanmalar\u0131m\u0131z,&nbsp;Murat Baran&nbsp;koordinat\u00f6rl\u00fc\u011f\u00fcnde olu\u015fturulan ve y\u00f6netilen&nbsp;MB&nbsp;Makina&nbsp;gibi yine bu ana i\u015fimizi destekler nitelikte olmu\u015ftur ve b\u00f6yle olmay\u0131 da s\u00fcrd\u00fcrecektir.<\/p>\n\n\n\n<p>Baransan A.\u015e, son y\u0131llarda h\u0131zl\u0131 bir de\u011fi\u015fim ve b\u00fcy\u00fcme s\u00fcreci ya\u015f\u0131yor.\u00a0Genel M\u00fcd\u00fcr\u00fcm\u00fcz H\u0131d\u0131r Baran\u00a0ve ekibinin\u00a0sahip oldu\u011fu misyon ile yap\u0131lan yeni yat\u0131r\u0131mlar, teknolojik yenilenme, kurumsalla\u015fma \u00e7al\u0131\u015fmalar\u0131, yeniden yap\u0131lanma, yeni \u015firketler, yeni pazarlar ve yeni \u00fcr\u00fcnlerle hedef kitle k\u00fcmemiz \u00e7ok daha h\u0131zl\u0131 geni\u015flemi\u015f oldu. Durmaks\u0131z\u0131n b\u00fcy\u00fcme imk\u00e2nlar\u0131 ara\u015ft\u0131r\u0131l\u0131yor, verimlili\u011fin art\u0131r\u0131lmas\u0131na y\u00f6nelik planlamalar yap\u0131l\u0131yor, yenilik\u00e7ilik destekleniyor, teknolojik altyap\u0131 g\u00fc\u00e7lendiriliyor, insan kaynaklar\u0131m\u0131z zenginle\u015ftiriliyor. Bu yo\u011fun g\u00fcndemle Baransan, 21. y\u00fczy\u0131l\u0131 do\u011fru okuyarak ve geleneksel de\u011ferlerini koruyarak de\u011fi\u015fen d\u00fcnyaya ayak uydurma ba\u015far\u0131s\u0131n\u0131 s\u00fcrekli k\u0131lmay\u0131 hedefliyor. Bu yap\u0131sal de\u011fi\u015fikliklerle s\u00fcrd\u00fcr\u00fclen b\u00fcy\u00fcme trendi, Baransan A.\u015e.&#8217;yi k\u00fcresel bir oyuncu yapmay\u0131 ama\u00e7l\u0131yor.<\/p>\n\n\n\n<p>D\u00fcnyam\u0131z, Baransan&#8217;\u0131n kuruldu\u011fu y\u0131llardaki d\u00fcnya de\u011fil\u2026 Babalar\u0131m\u0131z\u0131n birka\u00e7 g\u00fcn gecikmeyle ula\u015fabildi\u011fi &#8220;d\u00fcnya havadislerine&#8221;, \u00e7ocuklar\u0131m\u0131z internetten tek bir tu\u015fla an\u0131nda ula\u015f\u0131yor. D\u00fcnyan\u0131n \u00f6b\u00fcr ucundaki olaylara, insanlara televizyonlardan an\u0131nda tan\u0131kl\u0131k ediyorlar. Bilgi teknolojisinin d\u00f6n\u00fc\u015f\u00fcm\u00fcnden de beslenen k\u00fcreselle\u015fme, ekonomi ba\u015fta olmak \u00fczere hayat\u0131n her alan\u0131n\u0131 etkiliyor.<\/p>\n\n\n\n<p>K\u00fcreselle\u015fme sayesinde \u015firketler, \u00fclkelerinden kilometrelerce uzaktaki t\u00fcketicilere yan\u0131 ba\u015flar\u0131ndaym\u0131\u015f gibi ula\u015fabiliyorlar. D\u00fcnya \u00f6ylesine k\u00fc\u00e7\u00fcl\u00fcyor ki, burda \u00fcretimini yapt\u0131\u011f\u0131m\u0131z al\u00fcminyum profiller, bir ba\u015fka \u00fclkedeki yap\u0131larda rahatl\u0131kla yer alabiliyor.<\/p>\n\n\n\n<p>Bu bize, T\u00fcrkiye markas\u0131 olarak sadece \u00fclkemizi de\u011fil, d\u00fcnyay\u0131 da anlamak zorunda oldu\u011fumuz mesaj\u0131n\u0131 veriyor.<\/p>\n\n\n\n<p>Bu mesaj bize de\u011fi\u015fim s\u00fcrecimizi, hem T\u00fcrkiye hem de d\u00fcnyadaki ekonomi ve al\u00fcminyum sekt\u00f6r\u00fcndeki geli\u015fmeleri yak\u0131ndan izleyerek y\u00f6netmemizi s\u00f6yl\u00fcyor. De\u011fi\u015fen t\u00fcketici e\u011filimleri ve al\u00fcminyum teknolojisindeki geli\u015fmelerle &#8220;al\u00fcminyum&#8221; kavram\u0131 yeniden tan\u0131mlan\u0131yor. Ana i\u015fimiz olan al\u00fcminyum sekt\u00f6r\u00fcnde t\u00fcketici beklentileri sadece kaliteli \u00fcr\u00fcnlerle s\u0131n\u0131rl\u0131 de\u011fil. T\u00fcketicilerimiz bizlerden uygulamalar\u0131n\u0131 kolayla\u015ft\u0131ran yeni \u00fcr\u00fcnlerde bekliyor. Baransan A.\u015e. olarak faaliyet g\u00f6sterdi\u011fimiz al\u00fcminyum profil kategorilerinde d\u00fcnyadaki trendleri yak\u0131ndan takip etmekle yetinmiyoruz. Bilgi y\u00f6netimi, inovasyon ve Ar-Ge \u00e7al\u0131\u015fmalar\u0131yla bu trendlerin olu\u015fmas\u0131na da katk\u0131da bulunarak t\u00fcketici beklentilerini en \u00fcst d\u00fczeyde kar\u015f\u0131l\u0131yoruz.<\/p>\n\n\n\n<p>Baransan A.\u015e. \u00fclkemizin, toplumumuzun sosyal geli\u015fimine her zaman duyarl\u0131 olmu\u015ftur. Sosyal sorumluluk anlay\u0131\u015f\u0131m\u0131z, e\u011fitim, spor, \u00e7evre, sa\u011fl\u0131k konular\u0131ndaki geli\u015fme ve iyile\u015fmeleri te\u015fvik eden bir yakla\u015f\u0131md\u0131r.<\/p>\n\n\n\n<p>Hem T\u00fcrkiye&#8217;nin hem Baransan&#8217;\u0131n d\u00fcnyadaki gelece\u011fine inan\u0131yor ve buna g\u00fcveniyoruz. <\/p>\n\n\n\n<p><strong>Mirseddin BARAN<\/strong> <\/p>\n\n\n\n<p>Y\u00f6netim Kurulu Ba\u015fkan\u0131<\/p>\n","protected":false},"excerpt":{"rendered":"<p>Baransan&#8217;\u0131 anlamak baz\u0131 de\u011ferlerin b\u00fct\u00fcn\u00fcn\u00fc kavramaktan ge\u00e7er. 30 m2&#8217;lik &nbsp;k\u00fc\u00e7\u00fck bir yerden,&nbsp;14.000 m2 alan \u00fczerine kurulu, 5.000&#8217;e yak\u0131n kal\u0131p \u00e7e\u015fidiyle al\u00fcminyumun kullan\u0131ld\u0131\u011f\u0131 hemen hemen her sekt\u00f6re hitap eden entegre bir al\u00fcminyum profil firmas\u0131na d\u00f6n\u00fc\u015fen. Baransan, b\u00fcy\u00fck bir de\u011fi\u015fim ya\u015farken, belli &nbsp;de\u011ferlerimiz asla de\u011fi\u015fmemi\u015ftir. Baransan i\u00e7in de\u011fi\u015fmeyen bir di\u011fer \u00f6zellik de &#8220;al\u00fcminyum \u00fcreticisi&#8221; oldu\u011fu ger\u00e7e\u011fidir. Al\u00fcminyum&hellip; <br \/> <a class=\"read-more\" href=\"https:\/\/baransan.com.tr\/?p=1\">Devam\u0131<\/a><\/p>\n","protected":false},"author":1,"featured_media":179,"comment_status":"closed","ping_status":"closed","sticky":false,"template":"","format":"standard","meta":[],"categories":[1],"tags":[],"_links":{"self":[{"href":"https:\/\/baransan.com.tr\/index.php?rest_route=\/wp\/v2\/posts\/1"}],"collection":[{"href":"https:\/\/baransan.com.tr\/index.php?rest_route=\/wp\/v2\/posts"}],"about":[{"href":"https:\/\/baransan.com.tr\/index.php?rest_route=\/wp\/v2\/types\/post"}],"author":[{"embeddable":true,"href":"https:\/\/baransan.com.tr\/index.php?rest_route=\/wp\/v2\/users\/1"}],"replies":[{"embeddable":true,"href":"https:\/\/baransan.com.tr\/index.php?rest_route=%2Fwp%2Fv2%2Fcomments&post=1"}],"version-history":[{"count":4,"href":"https:\/\/baransan.com.tr\/index.php?rest_route=\/wp\/v2\/posts\/1\/revisions"}],"predecessor-version":[{"id":267,"href":"https:\/\/baransan.com.tr\/index.php?rest_route=\/wp\/v2\/posts\/1\/revisions\/267"}],"wp:featuredmedia":[{"embeddable":true,"href":"https:\/\/baransan.com.tr\/index.php?rest_route=\/wp\/v2\/media\/179"}],"wp:attachment":[{"href":"https:\/\/baransan.com.tr\/index.php?rest_route=%2Fwp%2Fv2%2Fmedia&parent=1"}],"wp:term":[{"taxonomy":"category","embeddable":true,"href":"https:\/\/baransan.com.tr\/index.php?rest_route=%2Fwp%2Fv2%2Fcategories&post=1"},{"taxonomy":"post_tag","embeddable":true,"href":"https:\/\/baransan.com.tr\/index.php?rest_route=%2Fwp%2Fv2%2Ftags&post=1"}],"curies":[{"name":"wp","href":"https:\/\/api.w.org\/{rel}","templated":true}]}}